{"id":730,"date":"2014-08-19T10:13:04","date_gmt":"2014-08-19T08:13:04","guid":{"rendered":"http:\/\/www.molnari.hu\/?p=730"},"modified":"2014-09-08T20:22:05","modified_gmt":"2014-09-08T18:22:05","slug":"2014-oktober-12-onkormanyzati-valasztasok","status":"publish","type":"post","link":"https:\/\/www.molnari.hu\/hr\/2014-oktober-12-onkormanyzati-valasztasok\/","title":{"rendered":"\u00d6nkorm\u00e1nyzati v\u00e1laszt\u00e1sok"},"content":{"rendered":"<h2 id=\"post-766\"><img loading=\"lazy\" decoding=\"async\" class=\"size-full wp-image-735 aligncenter\" alt=\"Hirdetmeny_onk2014\" src=\"http:\/\/www.molnari.hu\/files\/Hirdetmeny_onk2014.jpg\" width=\"500\" height=\"727\" srcset=\"https:\/\/molnari.hu\/files\/Hirdetmeny_onk2014.jpg 500w, https:\/\/molnari.hu\/files\/Hirdetmeny_onk2014-206x300.jpg 206w\" sizes=\"auto, (max-width: 500px) 100vw, 500px\" \/><\/h2>\n<h4 style=\"text-align: center;\">T\u00c1J\u00c9KOZTAT\u00d3 \u00e9s K\u00d6ZLEM\u00c9NY<br \/>\na 2014. okt\u00f3ber 12. napj\u00e1n tartand\u00f3<br \/>\n\u00f6nkorm\u00e1nyzati \u00e9s nemzetis\u00e9gi v\u00e1laszt\u00e1sokr\u00f3l, jel\u00f6l\u00e9sr\u0151l,<br \/>\naj\u00e1nl\u00e1sr\u00f3l, aj\u00e1nl\u00e1si k\u00fcsz\u00f6br\u0151l, hat\u00e1rid\u0151kr\u0151l<\/h4>\n<p style=\"text-align: center;\">Tisztelt V\u00e1laszt\u00f3polg\u00e1rok, Jel\u00f6ltek!<br \/>\nA K\u00f6zt\u00e1rsas\u00e1gi Eln\u00f6k az \u00f6nkorm\u00e1nyzati v\u00e1laszt\u00e1sokat 2014. okt\u00f3ber h\u00f3 12. napj\u00e1ra, a<br \/>\nNemzeti V\u00e1laszt\u00e1si Bizotts\u00e1g a nemzetis\u00e9gi v\u00e1laszt\u00e1sokat szint\u00e9n e napra \u00edrta ki.<br \/>\nA v\u00e1laszt\u00e1sok megtart\u00e1s\u00e1nak ideje: 06.00 \u00f3r\u00e1t\u00f3l &#8211; 19.00 \u00f3r\u00e1ig.<br \/>\nAz \u00f6nkorm\u00e1nyzati \u00e9s nemzetis\u00e9gi szavaz\u00e1skor a szavaz\u00f3k\u00f6r c\u00edme:<br \/>\nMOLN\u00c1RI, Pet\u0151fi u. 1., KULT\u00daRH\u00c1Z \u00e9p\u00fclete<\/p>\n<h5 style=\"text-align: center;\"><a href=\"http:\/\/www.molnari.hu\/files\/Jel\u00f6ltek-t\u00e1j\u00e9koztat\u00e1sa-Moln\u00e1ri.pdf\">Jel\u00f6ltek t\u00e1j\u00e9koztat\u00e1sa<\/a><\/h5>\n<h5 style=\"text-align: center;\"><a href=\"http:\/\/www.molnari.hu\/files\/Nemzetis\u00e9gi-szavaz\u00f3k\u00f6r-kijel\u00f6l\u00e9se-MOLN\u00c1RI.pdf\">Nemzetis\u00e9gi szavaz\u00f3k\u00f6r kijel\u00f6l\u00e9se<\/a><\/h5>\n<h5 style=\"text-align: center;\"><a href=\"http:\/\/nagyrecse.hu\/wp-content\/uploads\/2014\/08\/ajanloiv-igenylese.pdf\" target=\"_blank\">A jel\u00f6lt aj\u00e1nl\u00e1s\u00e1hoz sz\u00fcks\u00e9ges aj\u00e1nl\u00f3\u00edv nyomtatv\u00e1nyt innen t\u00f6ltheti le.<\/a><\/h5>\n<h5 style=\"text-align: center;\"><a href=\"http:\/\/www.molnari.hu\/files\/Helyi-V\u00e1laszt\u00e1si-Iroda-t\u00e1j\u00e9koztat\u00e1sa.pdf\">Helyi V\u00e1laszt\u00e1si Iroda t\u00e1j\u00e9koztat\u00e1sa<\/a><\/h5>\n<h5 style=\"text-align: center;\"><a href=\"http:\/\/www.molnari.hu\/files\/JEL\u00d6LTEK-BEJELENT\u00c9SE.pdf\">JEL\u00d6LTEK BEJELENT\u00c9SE<\/a><\/h5>\n<h5 style=\"text-align: center;\"><a href=\"http:\/\/www.molnari.hu\/files\/MOZG\u00d3URNA-K\u00c9RELEM.pdf\">MOZG\u00d3URNA K\u00c9RELEM<\/a><\/h5>\n<h5 style=\"text-align: center;\"><a href=\"http:\/\/www.molnari.hu\/files\/NEMZETIS\u00c9GI-AJ\u00c1NL\u00d3\u00cdV-IG\u00c9NYL\u00c9SE.pdf\">NEMZETIS\u00c9GI AJ\u00c1NL\u00d3\u00cdV IG\u00c9NYL\u00c9SE<\/a><\/h5>\n<h5 style=\"text-align: center;\"><a href=\"http:\/\/www.molnari.hu\/files\/NEMZETIS\u00c9GI-EGY\u00c9NI-JEL\u00d6LT-BEJELENT\u00c9SE.pdf\">NEMZETIS\u00c9GI EGY\u00c9NI JEL\u00d6LT BEJELENT\u00c9SE<\/a><\/h5>\n<p>&nbsp;<\/p>\n<h4 style=\"text-align: center;\">Tov\u00e1bbi t\u00e1j\u00e9koztat\u00e1s:\u00a0<a href=\"http:\/\/www.valasztas.hu\/\" target=\"_blank\">www.valasztas.hu<\/a><\/h4>\n","protected":false},"excerpt":{"rendered":"<p>T\u00c1J\u00c9KOZTAT\u00d3 \u00e9s K\u00d6ZLEM\u00c9NY a 2014. okt\u00f3ber 12. napj\u00e1n tartand\u00f3 \u00f6nkorm\u00e1nyzati \u00e9s nemzetis\u00e9gi v\u00e1laszt\u00e1sokr\u00f3l, jel\u00f6l\u00e9sr\u0151l, aj\u00e1nl\u00e1sr\u00f3l, aj\u00e1nl\u00e1si k\u00fcsz\u00f6br\u0151l, hat\u00e1rid\u0151kr\u0151l Tisztelt V\u00e1laszt\u00f3polg\u00e1rok, Jel\u00f6ltek! A K\u00f6zt\u00e1rsas\u00e1gi Eln\u00f6k az \u00f6nkorm\u00e1nyzati v\u00e1laszt\u00e1sokat 2014. okt\u00f3ber h\u00f3 12. napj\u00e1ra, a Nemzeti V\u00e1laszt\u00e1si Bizotts\u00e1g a nemzetis\u00e9gi v\u00e1laszt\u00e1sokat szint\u00e9n e napra \u00edrta ki. A v\u00e1laszt\u00e1sok megtart\u00e1s\u00e1nak ideje: 06.00 \u00f3r\u00e1t\u00f3l &#8211; 19.00 \u00f3r\u00e1ig. Az \u00f6nkorm\u00e1nyzati&#8230;<\/p>\n<p class=\"more-link\"><a href=\"https:\/\/www.molnari.hu\/hr\/2014-oktober-12-onkormanyzati-valasztasok\/\" class=\"\"><span>Read More<\/span><i>&#43;<\/i><\/a><\/p>\n","protected":false},"author":3,"featured_media":731,"comment_status":"closed","ping_status":"closed","sticky":false,"template":"","format":"standard","meta":{"footnotes":""},"categories":[27],"tags":[],"class_list":["post-730","post","type-post","status-publish","format-standard","has-post-thumbnail","hentry","category-slider"],"_links":{"self":[{"href":"https:\/\/www.molnari.hu\/hr\/wp-json\/wp\/v2\/posts\/730","targetHints":{"allow":["GET"]}}],"collection":[{"href":"https:\/\/www.molnari.hu\/hr\/wp-json\/wp\/v2\/posts"}],"about":[{"href":"https:\/\/www.molnari.hu\/hr\/wp-json\/wp\/v2\/types\/post"}],"author":[{"embeddable":true,"href":"https:\/\/www.molnari.hu\/hr\/wp-json\/wp\/v2\/users\/3"}],"replies":[{"embeddable":true,"href":"https:\/\/www.molnari.hu\/hr\/wp-json\/wp\/v2\/comments?post=730"}],"version-history":[{"count":0,"href":"https:\/\/www.molnari.hu\/hr\/wp-json\/wp\/v2\/posts\/730\/revisions"}],"wp:featuredmedia":[{"embeddable":true,"href":"https:\/\/www.molnari.hu\/hr\/wp-json\/wp\/v2\/media\/731"}],"wp:attachment":[{"href":"https:\/\/www.molnari.hu\/hr\/wp-json\/wp\/v2\/media?parent=730"}],"wp:term":[{"taxonomy":"category","embeddable":true,"href":"https:\/\/www.molnari.hu\/hr\/wp-json\/wp\/v2\/categories?post=730"},{"taxonomy":"post_tag","embeddable":true,"href":"https:\/\/www.molnari.hu\/hr\/wp-json\/wp\/v2\/tags?post=730"}],"curies":[{"name":"wp","href":"https:\/\/api.w.org\/{rel}","templated":true}]}}