{"id":447,"date":"2012-12-06T08:11:32","date_gmt":"2012-12-06T07:11:32","guid":{"rendered":"http:\/\/www.molnari.hu\/?p=447"},"modified":"2012-12-06T08:12:57","modified_gmt":"2012-12-06T07:12:57","slug":"molnari-ovoda","status":"publish","type":"post","link":"https:\/\/www.molnari.hu\/hr\/molnari-ovoda\/","title":{"rendered":"Moln\u00e1ri \u00d3voda"},"content":{"rendered":"<p align=\"right\"><em>\u201eA m\u00faltat tiszteld a jelenben s tartsd a j\u00f6v\u0151nek\u201d<br \/>\n(V\u00f6r\u00f6smarty Mih\u00e1ly)<\/em><\/p>\n<h4>T\u00f6rt\u00e9neti \u00e1ttekint\u00e9s<\/h4>\n<p>\u00d3vod\u00e1nk a t\u00f6bb mint f\u00e9l \u00e9vsz\u00e1zados m\u00falt alatt sok v\u00e1ltoz\u00e1st \u00e9lt meg. Az id\u0151k folyam\u00e1n szerepe, rangja hol er\u0151s\u00f6d\u00f6tt, hol gyeng\u00fclt, de mindig meghat\u00e1roz\u00f3 volt a h\u00e1rom-h\u00e9t\u00e9ves gyermekek nevel\u00e9s\u00e9ben.<\/p>\n<p>Az \u00f3vod\u00e1t 1954-ben alap\u00edtott\u00e1k, kezdetekt\u0151l horv\u00e1t nemzetis\u00e9gi \u00f3vodak\u00e9nt m\u0171k\u00f6d\u00f6tt. Az \u00f3v\u00f3n\u0151nek \u00e9s a dajk\u00e1nak kezdetben h\u00e1zt\u00f3l h\u00e1zig j\u00e1rva kellett meggy\u0151zni a csal\u00e1dokat, az \u00f3vodai nevel\u00e9s el\u0151ny\u00e9r\u0151l \u00e9s sz\u00fcks\u00e9gess\u00e9g\u00e9r\u0151l.<\/p>\n<p>Jellemz\u0151 erre az id\u0151szakra, hogy a csal\u00e1dok t\u00f6bbs\u00e9g\u00e9ben, a sz\u00fcl\u0151k mindketten, hetes ing\u00e1z\u00f3k\u00e9nt, a t\u00e1voli nagyv\u00e1rosokban dolgoztak, h\u00e9tv\u00e9g\u00e9ken a csal\u00e1di h\u00e1t k\u00f6r\u00fcli teend\u0151ket l\u00e1tt\u00e1k el. A gyermekek nevel\u00e9se t\u00f6bbnyire a nagysz\u00fcl\u0151kre, f\u0151leg a nagymam\u00e1kra h\u00e1rult.<\/p>\n<p>Az \u00f3vod\u00e1ban foly\u00f3 munka, a szoci\u00e1lis gondoskod\u00e1s, a napk\u00f6zbeni teljes ell\u00e1t\u00e1s, \u0151rz\u00e9s, \u00f3v\u00e1s, nevel\u00e9s el\u0151nyeit hamar felismert\u00e9k a csal\u00e1dok.<\/p>\n<p>Az \u00f3voda vezet\u0151je: Szalai J\u00e1nosn\u00e9 1958-1990-ig ir\u00e1ny\u00edtotta az \u00f3vod\u00e1ban foly\u00f3 munk\u00e1t. Az \u00f3voda dolgoz\u00f3ival k\u00f6z\u00f6sen hivat\u00e1studattal, gyermekszeretettel, lelkes tenni akar\u00e1ssal elnyert\u00e9k a sz\u00fcl\u0151k bizalm\u00e1t. Az \u00f3vodai csoport l\u00e9tsz\u00e1ma folyamatosan emelkedett, gyakran meghaladta az 50 f\u0151t. A hat\u00e9kony vezet\u0151i munk\u00e1nak k\u00f6sz\u00f6nhet\u0151en a k\u00f6zs\u00e9g el\u00f6lj\u00e1r\u00f3i fokozatosan fejlesztett\u00e9k, az \u00f3vodai munka felt\u00e9teleit. Megt\u00f6rt\u00e9nt a csoportb\u0151v\u00edt\u00e9s, a k\u00e9t csoporthoz sz\u00fcks\u00e9ges szem\u00e9lyi \u00e1llom\u00e1ny b\u0151v\u00edt\u00e9se, a t\u00e1rgyi fejleszt\u00e9sek. Mindez hat\u00e9konyabb\u00e1 tette az \u00f3vod\u00e1s gyerekek fejleszt\u00e9s\u00e9t. Az \u00f3voda dolgoz\u00f3i elk\u00f6telezett h\u00edvei voltak a horv\u00e1t nemzetis\u00e9gi tudat \u0151rz\u00e9s\u00e9nek, fejleszt\u00e9s\u00e9nek, a nemzetis\u00e9gi kult\u00fara \u00e1pol\u00e1s\u00e1nak. Felismert\u00e9k, hogy identit\u00e1studatunk meg\u0151rz\u00e9se \u00e9rdek\u00e9ben m\u00e1r az \u00f3vod\u00e1ban meg kell alapozni a nemzetis\u00e9gi horv\u00e1t nyelv szeretet\u00e9t, meg kell kezdeni \u00e1thagyom\u00e1nyoz\u00e1s\u00e1t a k\u00f6vetkez\u0151 nemzed\u00e9kre.<\/p>\n<p>&nbsp;<\/p>\n<h4>K\u00f6rzeti \u00d3vodai Igazgat\u00f3s\u00e1g 1978-1990<\/h4>\n<p>Vezet\u0151je: Szalai J\u00e1nosn\u00e9<\/p>\n<p>Az \u00f3vod\u00e1nkban foly\u00f3 munka hat\u00e1ssal volt a k\u00f6rnyez\u0151 nemzetis\u00e9gi \u00f3vod\u00e1k \u00e9let\u00e9re is. Szerepe meghat\u00e1roz\u00f3 volt, mivel 1990-ig az \u00f3vodai igazgat\u00f3s\u00e1g k\u00f6zponti \u00f3vod\u00e1jak\u00e9nt m\u0171k\u00f6d\u00f6tt. Ekkor n\u00e9gy szomsz\u00e9dos horv\u00e1t k\u00f6zs\u00e9g \u00f3vod\u00e1i alkott\u00e1k<strong> <\/strong>az \u00f6n\u00e1ll\u00f3 \u00d3vodai Igazgat\u00f3s\u00e1got. \u00d3vod\u00e1ink k\u00e9t gyermek csoporttal m\u0171k\u00f6dtek, 25 f\u0151s \u00e1tlag gyermek l\u00e9tsz\u00e1mmal. A nyolc \u00f3vodai csoportban k\u00f6zel 200 gyermekkel foglalkoztak az \u00f3v\u00f3n\u0151k. A 16 \u00f3vodapedag\u00f3gust, \u00f3vodatitk\u00e1rt, \u00e9lelmez\u00e9svezet\u0151ket, \u00f3vod\u00e1nk\u00e9t k\u00e9t dajk\u00e1t, kiseg\u00edt\u0151 szem\u00e9lyzetet, f\u0171t\u0151ket, karbantart\u00f3kat foglalkoztat\u00f3 int\u00e9zm\u00e9ny szervezetileg meghat\u00e1roz\u00f3 volt, szakmailag elismerts\u00e9get v\u00edvott ki mag\u00e1nak a k\u00f6rny\u00e9ken. Id\u0151vel jelentkeztek e szervezeti fel\u00e9p\u00edt\u00e9s, er\u0151s k\u00f6zponti ir\u00e1ny\u00edt\u00e1s negat\u00edvumai is. A t\u00falszab\u00e1lyozotts\u00e1g, a sz\u00e9ttagolts\u00e1g, a helyi k\u00f6z\u00f6ss\u00e9gek korl\u00e1tozott belesz\u00f3l\u00e1si joga mind konfliktusok forr\u00e1sa lett. A \u201980-as \u00e9vekben tapasztalhat\u00f3 demokratikus v\u00e1ltoz\u00e1sok hat\u00e1s\u00e1ra er\u0151s\u00f6dtek az egy\u00e9ni kezdem\u00e9nyez\u00e9sek, mind gyakrabban kapott hangot az \u00f6n\u00e1ll\u00f3s\u00e1gra t\u00f6rekv\u00e9s. A rendszerv\u00e1lt\u00e1s ut\u00e1n a helyi \u00f6nkorm\u00e1nyzatok megalakul\u00e1s\u00e1val, minden k\u00f6z\u00f6ss\u00e9g \u00e9lt az \u00f6nkorm\u00e1nyz\u00e1s jog\u00e1val, felbomlott az \u00d3voda Igazgat\u00f3s\u00e1g. Szalai J\u00e1nosn\u00e9 nyugd\u00edjba vonul\u00e1sa ut\u00e1n K\u0151r\u00f6si Fl\u00f3ri\u00e1nn\u00e9 l\u00e1tta el a vezet\u0151i teend\u0151ket.<\/p>\n<p><strong>\u00a0<\/strong><\/p>\n<h4><strong>K\u00f6zs\u00e9gi \u00d6nkorm\u00e1nyzat \u00d3vod\u00e1ja <\/strong>1991-1998<\/h4>\n<p>Vezet\u0151je: K\u0151r\u00f6si Fl\u00f3ri\u00e1nn\u00e9<\/p>\n<p>A k\u00e9t csoporttal m\u0171k\u00f6d\u0151 \u00f3vod\u00e1ban \u00e9vr\u0151l \u00e9vre cs\u00f6kkent a gyermekl\u00e9tsz\u00e1m. \u00d3vod\u00e1nk kezdetben \u00f6n\u00e1ll\u00f3 int\u00e9zm\u00e9nyk\u00e9nt m\u0171k\u00f6d\u00f6tt, majd k\u00f6zs\u00e9g\u00fcnk iskol\u00e1j\u00e1hoz csatolva folytattuk az \u00f3vodai nevel\u00e9st.<\/p>\n<p>&nbsp;<\/p>\n<h4><strong>K\u00f6rzeti Nemzetis\u00e9gi \u00c1ltal\u00e1nos \u00e9s Szakk\u00e9pz\u0151 K\u00f6zpont \u00d3vod\u00e1ja <\/strong>(1998-2006)<\/h4>\n<p>Vezet\u0151je: K\u0151r\u00f6si Fl\u00f3ri\u00e1nn\u00e9<\/p>\n<p>Az \u00f3voda 1998-t\u00f3l a k\u00f6zs\u00e9gben m\u0171k\u00f6d\u0151 t\u00f6bbc\u00e9l\u00fa int\u00e9zm\u00e9ny r\u00e9sze lett. Az orsz\u00e1gban v\u00e9gbemen\u0151 t\u00e1rsadalmi, gazdas\u00e1gi v\u00e1ltoz\u00e1sok az \u00f3vod\u00e1t is \u00e9rintett\u00e9k, a demogr\u00e1fiai ap\u00e1ly, alacsony gyermekl\u00e9tsz\u00e1m miatt csoport\u00f6sszevon\u00e1s t\u00f6rt\u00e9nt. A gyermekek l\u00e9tsz\u00e1ma ekkor m\u00e1r csak 18 f\u0151 volt. A 2001\/2002-es tan\u00e9vet egy vegyes csoporttal ind\u00edtotta a fenntart\u00f3.<\/p>\n<p>A 2000-2005-ig tart\u00f3 id\u0151szakban k\u00fcls\u0151 \u00e9s bels\u0151 fel\u00faj\u00edt\u00e1sok t\u00f6rt\u00e9ntek, az \u00e9p\u00fclet k\u00fcls\u0151 sz\u00ednez\u00e9se a f\u0171t\u00e9s \u00e9s vil\u00e1g\u00edt\u00e1s korszer\u0171s\u00edt\u00e9se sokat jav\u00edtott t\u00e1rgyi felt\u00e9teleinken.<\/p>\n<p>2006-ban az \u00f3vod\u00e1ba j\u00e1r\u00f3 gyermekek sz\u00e1ma 13 f\u0151re cs\u00f6kkent.<\/p>\n<p>&nbsp;<\/p>\n<h4><strong>K\u00f6rzeti Nemzetis\u00e9gi \u00d3voda <\/strong>(2007-2008)<\/h4>\n<p>Vezet\u0151je: Kar\u00e1din\u00e9 Tisl\u00e9r M\u00e1ria<\/p>\n<p>A 2007-2008-as nevel\u00e9si \u00e9v ism\u00e9t v\u00e1ltoz\u00e1sokat hozott. A k\u00f6z\u00f6s k\u00f6rjegyz\u0151s\u00e9get alkot\u00f3 h\u00e1rom k\u00f6zs\u00e9g, Moln\u00e1ri, Semj\u00e9nh\u00e1za, Petrivente k\u00e9pvisel\u0151 test\u00fcleti l\u00e9trehozt\u00e1k a K\u00f6rzeti Nemzetis\u00e9gi \u00d3vod\u00e1t. A k\u00f6z\u00f6s fenntart\u00e1s\u00fa, \u00f6n\u00e1ll\u00f3 int\u00e9zm\u00e9ny sz\u00e9khelye Moln\u00e1ri, Semj\u00e9nh\u00e1z\u00e1n \u00e9s Petrivent\u00e9n egy-egy kihelyezett \u00f3vodai csoport m\u0171k\u00f6d\u00f6tt. A vegyes csoportok l\u00e9tsz\u00e1ma a 10-12 f\u0151t sem haladta meg, ennek ellen\u00e9re az \u00e9rintett \u00f6nkorm\u00e1nyzatok, helyben, saj\u00e1t k\u00f6zs\u00e9g\u00fckben k\u00edv\u00e1nt\u00e1k m\u0171k\u00f6dtetni az \u00f3vodai csoportot. A feladatell\u00e1t\u00e1st \u201ea t\u00e9rben elsz\u00f3rt\u201d \u00f3vodai csoportok m\u0171k\u00f6dtet\u00e9s\u00e9t csak az \u00f3v\u00f3n\u0151k utaztat\u00e1s\u00e1val lehetett megoldani. Ez komoly koordin\u00e1l\u00f3 tev\u00e9kenys\u00e9get, folyamatos kapcsolattart\u00e1st ig\u00e9nyelt \u00e9s minden r\u00e9sztvev\u0151 sz\u00e1m\u00e1ra rendk\u00edv\u00fcl megterhel\u0151 volt. Az \u00f3vod\u00e1s gyermekek sz\u00e1m\u00e1nak tov\u00e1bbi cs\u00f6kken\u00e9se, a v\u00e1ltoz\u00f3 jogszab\u00e1lyok, az egyre apad\u00f3 normat\u00edv t\u00e1mogat\u00e1s \u00faj megold\u00e1s keres\u00e9s\u00e9re \u00f6szt\u00f6n\u00f6zte a fenntart\u00f3 \u00f6nkorm\u00e1nyzatokat. A 2008\/2009-es tan\u00e9vt\u0151l az \u00f3vodai ell\u00e1t\u00e1s Moln\u00e1riban lett megszervezve, a Semj\u00e9nh\u00e1z\u00e1r\u00f3l \u00e9rkez\u0151 gyermekeket az \u00f6nkorm\u00e1nyzat saj\u00e1t aut\u00f3busz\u00e1val sz\u00e1ll\u00edtotta \u00e1t.<\/p>\n<p>&nbsp;<\/p>\n<h4><strong>Zr\u00ednyi Katerina Kist\u00e9rs\u00e9gi Horv\u00e1t \u00c1ltal\u00e1nos \u00e9s Alapfok\u00fa M\u0171v\u00e9szeti Iskola Tagiskol\u00e1i \u00e9s Tag\u00f3vod\u00e1i <\/strong><\/h4>\n<h4><strong>Moln\u00e1ri Tag\u00f3voda <\/strong>(2008-2012)<\/h4>\n<p>Vezet\u0151je: Kar\u00e1din\u00e9 Tisl\u00e9r M\u00e1ria<\/p>\n<p>\u00d3vod\u00e1nk tagint\u00e9zm\u00e9nyk\u00e9nt, kist\u00e9rs\u00e9gi fenntart\u00e1sban folytatta munk\u00e1j\u00e1t. \u00d3vod\u00e1nkban, 2009-ben ker\u00fclt bevezet\u00e9sre az <strong>egys\u00e9ges \u00f3voda b\u00f6lcs\u0151dei ell\u00e1t\u00e1s<\/strong>, amely lehet\u0151v\u00e9 teszi a k\u00e9t \u00e9vesn\u00e9l id\u0151sebb gyermekek fogad\u00e1s\u00e1t is. \u00d3vod\u00e1nk j\u00f6v\u0151je, fenntarthat\u00f3s\u00e1ga, kihaszn\u00e1lts\u00e1ga \u00e9s finansz\u00edrozhat\u00f3s\u00e1ga szempontj\u00e1b\u00f3l ez pozit\u00edv l\u00e9p\u00e9snek bizonyult. Az int\u00e9zm\u00e9ny gyermekl\u00e9tsz\u00e1ma ism\u00e9t 20 f\u0151 f\u00f6l\u00e9 emelkedett,- jelenleg 25 f\u0151.<\/p>\n<p>Az elm\u00falt k\u00e9t \u00e9vben h\u00e1rom sikeres p\u00e1ly\u00e1zatot bonyol\u00edtottunk le. Az Oktat\u00e1si Miniszt\u00e9rium p\u00e1ly\u00e1zata seg\u00edts\u00e9g\u00e9vel megt\u00f6rt\u00e9nt az \u00e9p\u00fclet k\u00fcls\u0151 szigetel\u00e9se, a teljes v\u00edzvezet\u00e9k h\u00e1l\u00f3zat, gyermekmosd\u00f3 fel\u00faj\u00edt\u00e1sa, a feln\u0151tt szoci\u00e1lis blokk kialak\u00edt\u00e1sa. \u00daj elemk\u00e9nt kialak\u00edt\u00e1sra ker\u00fclt a pelenk\u00e1z\u00f3 \u00e9s elk\u00fcl\u00f6n\u00edt\u0151 szoba. A 2010\/2011- es tan\u00e9vben a \u201eZ\u00f6ld gondolat \u00e9s trad\u00edci\u00f3 a j\u00f6v\u0151\u00e9rt\u201d IPA p\u00e1ly\u00e1zatnak k\u00f6sz\u00f6nhet\u0151en fedett terasszal, kalandv\u00e1rral, stiliz\u00e1lt malom \u00e9p\u00fclettel, kerti tavacsk\u00e1val, cs\u00f3nak homokoz\u00f3val, komposzt\u00e1l\u00f3val b\u0151v\u00fclt int\u00e9zm\u00e9ny\u00fcnk. A 2012- ben z\u00e1r\u00f3d\u00f3 \u201e A m\u00falt \u00f6sv\u00e9nyein \u00e1t a k\u00f6z\u00f6s \u00fatra\u201d IPA p\u00e1ly\u00e1zat az \u00f3voda bels\u0151 t\u00e1rgyi eszk\u00f6zrendszer\u00e9nek b\u0151v\u00edt\u00e9s\u00e9t tette lehet\u0151v\u00e9. A csoportszob\u00e1ban kialak\u00edtott mini-sz\u00ednpad, a b\u00e1bparav\u00e1nok a b\u00e1bk\u00e9szlet a dramatiz\u00e1l\u00e1shoz haszn\u00e1lt fejmaszkok a gyermekek magyar \u00e9s horv\u00e1t nyelv\u0171 kommunik\u00e1ci\u00f3j\u00e1t hivatottak fejleszteni. Mindk\u00e9t IPA p\u00e1ly\u00e1zat tartalmazott gyermekprogramokat is. A partner\u00f3vod\u00e1k gyermekeivel k\u00f6z\u00f6sen kir\u00e1ndultunk a Kis-Balaton k\u00f6rny\u00e9k\u00e9n, a Mura, Dr\u00e1va \u00e9s a Balaton partj\u00e1n. K\u00f6z\u00f6sen utaztunk aut\u00f3buszon, kisvas\u00faton, lovas kocsin, lovagoltunk, \u00e9nekelt\u00fcnk, t\u00e1ncoltunk \u00e9s sokat nevett\u00fcnk egy\u00fctt. Megl\u00e1togattuk egym\u00e1s int\u00e9zm\u00e9nyeit, bemutattuk n\u00e9pszok\u00e1sainkat, kultur\u00e1lis \u00e9rt\u00e9keinket, \u00f3vodapedag\u00f3giai saj\u00e1toss\u00e1gainkat.<\/p>\n<p>A t\u00f6rt\u00e9neti \u00e1ttekint\u00e9s t\u00fckr\u00f6zi, hogy gyakran v\u00e1ltoztak az int\u00e9zm\u00e9ny fenntart\u00f3i, a dolgoz\u00f3k munk\u00e1ltat\u00f3i, de a v\u00e1ltoz\u00e1sok k\u00f6zepette zavartalanul folyt az \u00f3vod\u00e1sok fejleszt\u00e9se, nevel\u00e9se. Az \u00f3voda dolgoz\u00f3i, \u00f3vodapedag\u00f3gusok, dajk\u00e1k \u00e9s kiseg\u00edt\u0151 szem\u00e9lyzet mindig arra t\u00f6rekedett, hogy az ide j\u00e1r\u00f3 \u00f3vod\u00e1sok eszt\u00e9tikus k\u00f6rnyezetben, szabad, nyugodt l\u00e9gk\u00f6rben, biztons\u00e1gban \u00e9ljenek. Szeretetben, sok sz\u00e9p \u00e9lm\u00e9nnyel gazdagodva \u00e9lvezz\u00e9k az \u00f3vod\u00e1ban t\u00f6lt\u00f6tt \u00e9veiket.<br \/>\nE szellemis\u00e9gnek megfelel\u0151en a j\u00f6v\u0151ben is arra t\u00f6reksz\u00fcnk, hogy meg\u0151rizz\u00fck \u00f3vod\u00e1saink boldog gyermekkor\u00e1t.<\/p>\n<p>&nbsp;<\/p>\n<p align=\"right\">\u00d6ssze\u00e1ll\u00edtotta: Kar\u00e1din\u00e9 Tisl\u00e9r M\u00e1ria<br \/>\n\u00d3vodavezet\u0151<\/p>\n","protected":false},"excerpt":{"rendered":"<p>\u201eA m\u00faltat tiszteld a jelenben s tartsd a j\u00f6v\u0151nek\u201d (V\u00f6r\u00f6smarty Mih\u00e1ly) T\u00f6rt\u00e9neti \u00e1ttekint\u00e9s \u00d3vod\u00e1nk a t\u00f6bb mint f\u00e9l \u00e9vsz\u00e1zados m\u00falt alatt sok v\u00e1ltoz\u00e1st \u00e9lt meg. Az id\u0151k folyam\u00e1n szerepe, rangja hol er\u0151s\u00f6d\u00f6tt, hol gyeng\u00fclt, de mindig meghat\u00e1roz\u00f3 volt a h\u00e1rom-h\u00e9t\u00e9ves gyermekek nevel\u00e9s\u00e9ben. Az \u00f3vod\u00e1t 1954-ben alap\u00edtott\u00e1k, kezdetekt\u0151l horv\u00e1t nemzetis\u00e9gi \u00f3vodak\u00e9nt m\u0171k\u00f6d\u00f6tt. Az \u00f3v\u00f3n\u0151nek \u00e9s a&#8230;<\/p>\n<p class=\"more-link\"><a href=\"https:\/\/www.molnari.hu\/hr\/molnari-ovoda\/\" class=\"\"><span>Read More<\/span><i>&#43;<\/i><\/a><\/p>\n","protected":false},"author":3,"featured_media":0,"comment_status":"closed","ping_status":"closed","sticky":false,"template":"","format":"standard","meta":{"footnotes":""},"categories":[28],"tags":[],"class_list":["post-447","post","type-post","status-publish","format-standard","hentry","category-ovoda"],"_links":{"self":[{"href":"https:\/\/www.molnari.hu\/hr\/wp-json\/wp\/v2\/posts\/447","targetHints":{"allow":["GET"]}}],"collection":[{"href":"https:\/\/www.molnari.hu\/hr\/wp-json\/wp\/v2\/posts"}],"about":[{"href":"https:\/\/www.molnari.hu\/hr\/wp-json\/wp\/v2\/types\/post"}],"author":[{"embeddable":true,"href":"https:\/\/www.molnari.hu\/hr\/wp-json\/wp\/v2\/users\/3"}],"replies":[{"embeddable":true,"href":"https:\/\/www.molnari.hu\/hr\/wp-json\/wp\/v2\/comments?post=447"}],"version-history":[{"count":0,"href":"https:\/\/www.molnari.hu\/hr\/wp-json\/wp\/v2\/posts\/447\/revisions"}],"wp:attachment":[{"href":"https:\/\/www.molnari.hu\/hr\/wp-json\/wp\/v2\/media?parent=447"}],"wp:term":[{"taxonomy":"category","embeddable":true,"href":"https:\/\/www.molnari.hu\/hr\/wp-json\/wp\/v2\/categories?post=447"},{"taxonomy":"post_tag","embeddable":true,"href":"https:\/\/www.molnari.hu\/hr\/wp-json\/wp\/v2\/tags?post=447"}],"curies":[{"name":"wp","href":"https:\/\/api.w.org\/{rel}","templated":true}]}}